{"id":68661,"date":"2016-03-18T20:29:41","date_gmt":"2016-03-18T19:29:41","guid":{"rendered":"http:\/\/rudolf.net.pl\/kat\/?p=68661"},"modified":"2016-03-21T20:24:51","modified_gmt":"2016-03-21T19:24:51","slug":"68661","status":"publish","type":"post","link":"https:\/\/rudolf.net.pl\/kat\/?p=68661","title":{"rendered":"Spotkanie Kamienny 2016"},"content":{"rendered":"<p><a href=\"https:\/\/rudolf.net.pl\/kat\/wp-content\/uploads\/2016\/03\/DSCF5803.jpg\" rel=\"attachment wp-att-68676\"><img loading=\"lazy\" decoding=\"async\" class=\" wp-image-68676 alignleft\" src=\"https:\/\/rudolf.net.pl\/kat\/wp-content\/uploads\/2016\/03\/DSCF5803-300x225.jpg\" alt=\"DSCF5803\" width=\"124\" height=\"95\" \/><\/a>Serdecznie zapraszamy na wiosenne spotkanie w schronisku g\u00f3rskim \u00a0na \u00a0Kamiennym. Spotkanie odb\u0119dzie \u00a0si\u0119 \u00a0w \u00a0terminie \u00a018<span style=\"font-weight: 300;\">-19 czerwca.<\/span><\/p>\n<p>Zach\u0119camy do wsp\u00f3lnego spotkania \u00a0 w \u00a0 kole\u017ce\u0144skim \u00a0gronie<\/p>\n<p>i \u00a0wykorzystanie\u00a0wysokiego \u00a0po\u0142o\u017cenia schroniska \u00a0do \u00a0przeprowadzenia pr\u00f3b sprz\u0119towo-antenowych \u00a0w \u00a0terenie, \u00a0tak \u00a0istotnych przed \u00a0 rozpocz\u0119ciem \u00a0sezonu \u00a0letniego, a \u00a0cz\u0119sto niemo\u017cliwych \u00a0do wykonania z lokalnego QTH.<\/p>\n<p>Dla \u00a0sympatyk\u00f3w \u00a0SOTA \u00a0jest \u00a0to \u00a0miejsce \u00a0w \u00a0pobli\u017cu \u00a0kt\u00f3rego \u00a0istnieje mo\u017cliwo\u015b\u0107 aktywowanie okolicznych podmiot\u00f3w.<\/p>\n<p>W planie praca na KF z rejonu SPFF-070, wsp\u00f3lne ognisko i wiele innych atrakcji.<\/p>\n","protected":false},"excerpt":{"rendered":"<p>Serdecznie zapraszamy na wiosenne spotkanie w schronisku g\u00f3rskim \u00a0na \u00a0Kamiennym. Spotkanie odb\u0119dzie \u00a0si\u0119 \u00a0w \u00a0terminie \u00a018-19 czerwca. Zach\u0119camy do wsp\u00f3lnego spotkania \u00a0 w \u00a0 kole\u017ce\u0144skim \u00a0gronie i \u00a0wykorzystanie\u00a0wysokiego \u00a0po\u0142o\u017cenia schroniska \u00a0do \u00a0przeprowadzenia pr\u00f3b sprz\u0119towo-antenowych \u00a0w \u00a0terenie, \u00a0tak \u00a0istotnych przed \u00a0 &hellip; <a href=\"https:\/\/rudolf.net.pl\/kat\/?p=68661\">Czytaj dalej <span class=\"meta-nav\">&rarr;<\/span><\/a><\/p>\n","protected":false},"author":5,"featured_media":0,"comment_status":"open","ping_status":"open","sticky":false,"template":"","format":"standard","meta":{"ngg_post_thumbnail":0,"footnotes":""},"categories":[1],"tags":[],"class_list":["post-68661","post","type-post","status-publish","format-standard","hentry","category-bez-kategorii"],"_links":{"self":[{"href":"https:\/\/rudolf.net.pl\/kat\/index.php?rest_route=\/wp\/v2\/posts\/68661","targetHints":{"allow":["GET"]}}],"collection":[{"href":"https:\/\/rudolf.net.pl\/kat\/index.php?rest_route=\/wp\/v2\/posts"}],"about":[{"href":"https:\/\/rudolf.net.pl\/kat\/index.php?rest_route=\/wp\/v2\/types\/post"}],"author":[{"embeddable":true,"href":"https:\/\/rudolf.net.pl\/kat\/index.php?rest_route=\/wp\/v2\/users\/5"}],"replies":[{"embeddable":true,"href":"https:\/\/rudolf.net.pl\/kat\/index.php?rest_route=%2Fwp%2Fv2%2Fcomments&post=68661"}],"version-history":[{"count":12,"href":"https:\/\/rudolf.net.pl\/kat\/index.php?rest_route=\/wp\/v2\/posts\/68661\/revisions"}],"predecessor-version":[{"id":69176,"href":"https:\/\/rudolf.net.pl\/kat\/index.php?rest_route=\/wp\/v2\/posts\/68661\/revisions\/69176"}],"wp:attachment":[{"href":"https:\/\/rudolf.net.pl\/kat\/index.php?rest_route=%2Fwp%2Fv2%2Fmedia&parent=68661"}],"wp:term":[{"taxonomy":"category","embeddable":true,"href":"https:\/\/rudolf.net.pl\/kat\/index.php?rest_route=%2Fwp%2Fv2%2Fcategories&post=68661"},{"taxonomy":"post_tag","embeddable":true,"href":"https:\/\/rudolf.net.pl\/kat\/index.php?rest_route=%2Fwp%2Fv2%2Ftags&post=68661"}],"curies":[{"name":"wp","href":"https:\/\/api.w.org\/{rel}","templated":true}]}}