{"id":452,"date":"2015-02-11T20:55:48","date_gmt":"2015-02-11T19:55:48","guid":{"rendered":"http:\/\/rudolf.net.pl\/kat\/?p=452"},"modified":"2015-03-02T18:05:15","modified_gmt":"2015-03-02T17:05:15","slug":"wyprawa-dx-kreta-program","status":"publish","type":"post","link":"https:\/\/rudolf.net.pl\/kat\/?p=452","title":{"rendered":"Wyprawa DX Kreta &#8211; program"},"content":{"rendered":"<p><a href=\"https:\/\/rudolf.net.pl\/kat\/wp-content\/uploads\/2015\/02\/kreta21.jpg\"><img loading=\"lazy\" decoding=\"async\" class=\" wp-image-627 alignleft\" src=\"https:\/\/rudolf.net.pl\/kat\/wp-content\/uploads\/2015\/02\/kreta21-300x225.jpg\" alt=\"kreta21\" width=\"100\" height=\"75\" srcset=\"https:\/\/rudolf.net.pl\/kat\/wp-content\/uploads\/2015\/02\/kreta21-300x225.jpg 300w, https:\/\/rudolf.net.pl\/kat\/wp-content\/uploads\/2015\/02\/kreta21-400x300.jpg 400w, https:\/\/rudolf.net.pl\/kat\/wp-content\/uploads\/2015\/02\/kreta21.jpg 800w\" sizes=\"auto, (max-width: 100px) 100vw, 100px\" \/><\/a>Podczas spotkania klubowego cz\u0142onk\u00f3w SP9KAT i SP9KOZ powsta\u0142 pomys\u0142 organizacji podr\u00f3\u017cy po\u0142\u0105czonej z wypraw\u0105 DX-ow\u0105, inspirowany prezentacj\u0105 Darka SP9ETE pokazan\u0105 w dniu 2 stycznia na spotkaniu noworocznym w Pa\u0142acu Czecz\u00f3w w Kozach, .<!--more--><\/p>\n<p>\u201eCelem wyprawy b\u0119dzie pomoc chorym dzieciom z powiatu bielskiego poprzez wsp\u00f3\u0142prac\u0119\u00a0z Fundacj\u0105 \u201e<a href=\"http:\/\/www.razemdladziecibielsko.org.pl\">Razem Dla Dzieci<\/a>\u201d. Kr\u00f3tkofalowcy zamierzaj\u0105 nawi\u0105za\u0107 bardzo wiele \u0142\u0105czno\u015bci radiowych z kr\u00f3tkofalowcami z ca\u0142ego \u015bwiata nadaj\u0105c m.in. z G\u00f3r Bia\u0142ych, a poprzez swoj\u0105 stron\u0119 internetow\u0105 zach\u0119ci\u0107 korespondent\u00f3w radiowych do pomocy na rzecz Szpitala Pediatrycznego w Bielsku-Bia\u0142ej.\u201d \u2013 proponuje Darek SP9ETE.<\/p>\n<p>Wst\u0119pny plan wyprawy przedstawia si\u0119 nast\u0119puj\u0105co<\/p>\n<p>18.04.2015r.<\/p>\n<p>Przelot Katowice-Chania<\/p>\n<p>Przejazd wynaj\u0119tym samochodem osobowym do ma\u0142ej wsi Tsikalaria (8 km od Kissamos\/Kastelii \u2013 p\u00f3\u0142nocno-zachodnia Kreta) dystans z lotniska w Chani ok. 60 km. Aklimatyzacja i nocleg w wynaj\u0119tym tradycyjnym domu kreta\u0144skim z kamienia we wsi Tsikalaria. (Wszystkie 7 nocleg\u00f3w i stacja bazowa w w\/w miejscu). Wy\u017cywienie przygotowywane we w\u0142asnym zakresie z produkt\u00f3w regionalnych zakupionych od miejscowej ludno\u015bci.<\/p>\n<p>19-24.04<\/p>\n<p>W czasie pobytu klubowicze b\u0119d\u0105 prowadzi\u0107 \u0142\u0105czno\u015bci na pasmach KF \u2013 IOTA EU015.<\/p>\n<p>Dla ch\u0119tnych kilkugodzinne\/ca\u0142odniowe wycieczki samochodowo-piesze i praca portable QRP z nast\u0119puj\u0105cych miejsc:<\/p>\n<ul>\n<li>G\u00f3ry Bia\u0142e (taras schroniska Kallergi ok. 1600 m npm), okoliczne szczyty Koukoule 1629 m npm, bez nazwy 1828 m npm, szczyt Melindaou 2133 m npm (wyb\u00f3r miejsca w zale\u017cno\u015bci od pogody i ewentualnie zalegaj\u0105cego \u015bniegu) \u2013 niesamowite widoki na najd\u0142u\u017cszy W\u0105w\u00f3z Europy \u2013 Samaria,<\/li>\n<li>okoliczne pag\u00f3rki z ko\u015bcio\u0142ami prawos\u0142awnymi 400-869 m npm w okolicy Tsikalarii<\/li>\n<li>P\u00f3\u0142wysep Gramvousa, Laguna Balos, Wyspa Gramvousa z ruinami zamku<\/li>\n<li>Pla\u017ca Elefonisi \u2013 unikalny kolor piasku r\u00f3\u017cowy, turkusowe morze Libijskie<\/li>\n<li>25.04 Powr\u00f3t do Chani i przelot powrotny do Katowic.<\/li>\n<\/ul>\n","protected":false},"excerpt":{"rendered":"<p>Podczas spotkania klubowego cz\u0142onk\u00f3w SP9KAT i SP9KOZ powsta\u0142 pomys\u0142 organizacji podr\u00f3\u017cy po\u0142\u0105czonej z wypraw\u0105 DX-ow\u0105, inspirowany prezentacj\u0105 Darka SP9ETE pokazan\u0105 w dniu 2 stycznia na spotkaniu noworocznym w Pa\u0142acu Czecz\u00f3w w Kozach, .<\/p>\n","protected":false},"author":2,"featured_media":0,"comment_status":"open","ping_status":"open","sticky":false,"template":"","format":"standard","meta":{"ngg_post_thumbnail":0,"footnotes":""},"categories":[1],"tags":[],"class_list":["post-452","post","type-post","status-publish","format-standard","hentry","category-bez-kategorii"],"_links":{"self":[{"href":"https:\/\/rudolf.net.pl\/kat\/index.php?rest_route=\/wp\/v2\/posts\/452","targetHints":{"allow":["GET"]}}],"collection":[{"href":"https:\/\/rudolf.net.pl\/kat\/index.php?rest_route=\/wp\/v2\/posts"}],"about":[{"href":"https:\/\/rudolf.net.pl\/kat\/index.php?rest_route=\/wp\/v2\/types\/post"}],"author":[{"embeddable":true,"href":"https:\/\/rudolf.net.pl\/kat\/index.php?rest_route=\/wp\/v2\/users\/2"}],"replies":[{"embeddable":true,"href":"https:\/\/rudolf.net.pl\/kat\/index.php?rest_route=%2Fwp%2Fv2%2Fcomments&post=452"}],"version-history":[{"count":5,"href":"https:\/\/rudolf.net.pl\/kat\/index.php?rest_route=\/wp\/v2\/posts\/452\/revisions"}],"predecessor-version":[{"id":1048,"href":"https:\/\/rudolf.net.pl\/kat\/index.php?rest_route=\/wp\/v2\/posts\/452\/revisions\/1048"}],"wp:attachment":[{"href":"https:\/\/rudolf.net.pl\/kat\/index.php?rest_route=%2Fwp%2Fv2%2Fmedia&parent=452"}],"wp:term":[{"taxonomy":"category","embeddable":true,"href":"https:\/\/rudolf.net.pl\/kat\/index.php?rest_route=%2Fwp%2Fv2%2Fcategories&post=452"},{"taxonomy":"post_tag","embeddable":true,"href":"https:\/\/rudolf.net.pl\/kat\/index.php?rest_route=%2Fwp%2Fv2%2Ftags&post=452"}],"curies":[{"name":"wp","href":"https:\/\/api.w.org\/{rel}","templated":true}]}}