{"id":450,"date":"2014-12-04T20:52:28","date_gmt":"2014-12-04T19:52:28","guid":{"rendered":"http:\/\/rudolf.net.pl\/kat\/?p=450"},"modified":"2015-03-01T13:49:59","modified_gmt":"2015-03-01T12:49:59","slug":"krotkofalarski-dzien-dzieci-i-mlodziezy","status":"publish","type":"post","link":"https:\/\/rudolf.net.pl\/kat\/?p=450","title":{"rendered":"Kr\u00f3tkofalarski Dzie\u0144 Dzieci i M\u0142odzie\u017cy"},"content":{"rendered":"<p><a href=\"https:\/\/rudolf.net.pl\/kat\/wp-content\/uploads\/2014\/12\/KidsDay.jpg\"><img loading=\"lazy\" decoding=\"async\" class=\"  wp-image-634 alignleft\" src=\"https:\/\/rudolf.net.pl\/kat\/wp-content\/uploads\/2014\/12\/KidsDay.jpg\" alt=\"KidsDay\" width=\"100\" height=\"100\" srcset=\"https:\/\/rudolf.net.pl\/kat\/wp-content\/uploads\/2014\/12\/KidsDay.jpg 156w, https:\/\/rudolf.net.pl\/kat\/wp-content\/uploads\/2014\/12\/KidsDay-150x150.jpg 150w\" sizes=\"auto, (max-width: 100px) 100vw, 100px\" \/><\/a>Wzorem poprzednich edycji Kr\u00f3tkofalarskiego Dnia Dzieci i M\u0142odzie\u017cy, zapraszamy wszystkie kluby w SP do wzi\u0119cia udzia\u0142u w tej wyj\u0105tkowej akcji, w <strong>niedziel\u0119 4 stycznia 2015<\/strong>.<!--more--><\/p>\n<p>Jest to najlepsza okazja do tego, aby naszym hobby zainteresowa\u0107 m\u0142ode pokolenie. Tego dnia z wielu stron, z kraju i z zagranicy b\u0119dzie s\u0142ycha\u0107 m\u0142odzie\u0144cze g\u0142osy na wszystkich dost\u0119pnych pasmach amatorskich. Zach\u0119cajmy m\u0142odzie\u017c do si\u0119gni\u0119cia po mikrofon. Kiedy jednym z rozm\u00f3wc\u00f3w jest osoba w podobnym wieku, to najlepsza okazja do tego aby w najbardziej atrakcyjny i najmniej stresuj\u0105cy spos\u00f3b wprowadzi\u0107 ich w podstawy kr\u00f3tkofalarstwa.<\/p>\n<p>Przypominamy, \u017ce z okazji Kr\u00f3tkofalarskiego Dnia Dzieci i M\u0142odzie\u017cy aktywna b\u0119dzie stacja SN0KDD.<\/p>\n<p>Jako upominek i zarazem nagrod\u0119 dla m\u0142odych operator\u00f3w, mo\u017cna pobra\u0107 i wydrukowa\u0107 dyplomy uczestnictwa w Amateur Radio Kids Day. S\u0105 one dost\u0119pne na stronie PZK.<\/p>\n","protected":false},"excerpt":{"rendered":"<p>Wzorem poprzednich edycji Kr\u00f3tkofalarskiego Dnia Dzieci i M\u0142odzie\u017cy, zapraszamy wszystkie kluby w SP do wzi\u0119cia udzia\u0142u w tej wyj\u0105tkowej akcji, w niedziel\u0119 4 stycznia 2015.<\/p>\n","protected":false},"author":2,"featured_media":0,"comment_status":"open","ping_status":"open","sticky":false,"template":"","format":"standard","meta":{"ngg_post_thumbnail":0,"footnotes":""},"categories":[1],"tags":[],"class_list":["post-450","post","type-post","status-publish","format-standard","hentry","category-bez-kategorii"],"_links":{"self":[{"href":"https:\/\/rudolf.net.pl\/kat\/index.php?rest_route=\/wp\/v2\/posts\/450","targetHints":{"allow":["GET"]}}],"collection":[{"href":"https:\/\/rudolf.net.pl\/kat\/index.php?rest_route=\/wp\/v2\/posts"}],"about":[{"href":"https:\/\/rudolf.net.pl\/kat\/index.php?rest_route=\/wp\/v2\/types\/post"}],"author":[{"embeddable":true,"href":"https:\/\/rudolf.net.pl\/kat\/index.php?rest_route=\/wp\/v2\/users\/2"}],"replies":[{"embeddable":true,"href":"https:\/\/rudolf.net.pl\/kat\/index.php?rest_route=%2Fwp%2Fv2%2Fcomments&post=450"}],"version-history":[{"count":2,"href":"https:\/\/rudolf.net.pl\/kat\/index.php?rest_route=\/wp\/v2\/posts\/450\/revisions"}],"predecessor-version":[{"id":635,"href":"https:\/\/rudolf.net.pl\/kat\/index.php?rest_route=\/wp\/v2\/posts\/450\/revisions\/635"}],"wp:attachment":[{"href":"https:\/\/rudolf.net.pl\/kat\/index.php?rest_route=%2Fwp%2Fv2%2Fmedia&parent=450"}],"wp:term":[{"taxonomy":"category","embeddable":true,"href":"https:\/\/rudolf.net.pl\/kat\/index.php?rest_route=%2Fwp%2Fv2%2Fcategories&post=450"},{"taxonomy":"post_tag","embeddable":true,"href":"https:\/\/rudolf.net.pl\/kat\/index.php?rest_route=%2Fwp%2Fv2%2Ftags&post=450"}],"curies":[{"name":"wp","href":"https:\/\/api.w.org\/{rel}","templated":true}]}}