{"id":402,"date":"2012-11-12T19:25:34","date_gmt":"2012-11-12T18:25:34","guid":{"rendered":"http:\/\/rudolf.net.pl\/kat\/?p=402"},"modified":"2015-03-02T18:31:56","modified_gmt":"2015-03-02T17:31:56","slug":"spotkanie-wisla-kamienny","status":"publish","type":"post","link":"https:\/\/rudolf.net.pl\/kat\/?p=402","title":{"rendered":"Spotkanie Wis\u0142a-Kamienny"},"content":{"rendered":"<p style=\"text-align: left;\" align=\"center\"><a href=\"http:\/\/www.rudolf.net.pl\/sp9kat\/wp-content\/uploads\/2012\/11\/DSC_3159_1_1.jpg\"><img loading=\"lazy\" decoding=\"async\" class=\"  wp-image-497 alignleft\" title=\"zdjecie klubowe\" src=\"http:\/\/www.rudolf.net.pl\/sp9kat\/wp-content\/uploads\/2012\/11\/DSC_3159_1_1-300x200.jpg\" alt=\"\" width=\"100\" height=\"68\" \/><\/a>Dnia 27.10.2012 w Wi\u015ble Kamienny odby\u0142o si\u0119 spotkanie plenerowe zorganizowane z okazji obchod\u00f3w 60-lecia powstania Radioklubu Beskidzkiego SP9KAT.<!--more--><\/p>\n<p style=\"text-align: left;\" align=\"center\">Serdecznie dzi\u0119kujemy wszystkim licznie przyby\u0142ym kole\u017cankom i kolegom za obecno\u015b\u0107, oraz za mi\u0142\u0105 atmosfer\u0119 trwaj\u0105c\u0105 podczas ca\u0142ego spotkania.<\/p>\n<p style=\"text-align: left;\" align=\"center\">Szczeg\u00f3lnie dzi\u0119kujemy wszystkim osobom zaanga\u017cowanym w przygotowanie\u00a0 naszego spotkania oraz operatorom radiostacji pracuj\u0105cej pod znakiem okoliczno\u015bciowym,\u00a0za du\u017cy wk\u0142ad pracy oraz po\u015bwi\u0119cony czas.<\/p>\n<p align=\"center\">ngg_shortcode_0_placeholder<\/p>\n","protected":false},"excerpt":{"rendered":"<p>Dnia 27.10.2012 w Wi\u015ble Kamienny odby\u0142o si\u0119 spotkanie plenerowe zorganizowane z okazji obchod\u00f3w 60-lecia powstania Radioklubu Beskidzkiego SP9KAT.<\/p>\n","protected":false},"author":2,"featured_media":0,"comment_status":"open","ping_status":"open","sticky":false,"template":"","format":"standard","meta":{"ngg_post_thumbnail":0,"footnotes":""},"categories":[1],"tags":[],"class_list":["post-402","post","type-post","status-publish","format-standard","hentry","category-bez-kategorii"],"_links":{"self":[{"href":"https:\/\/rudolf.net.pl\/kat\/index.php?rest_route=\/wp\/v2\/posts\/402","targetHints":{"allow":["GET"]}}],"collection":[{"href":"https:\/\/rudolf.net.pl\/kat\/index.php?rest_route=\/wp\/v2\/posts"}],"about":[{"href":"https:\/\/rudolf.net.pl\/kat\/index.php?rest_route=\/wp\/v2\/types\/post"}],"author":[{"embeddable":true,"href":"https:\/\/rudolf.net.pl\/kat\/index.php?rest_route=\/wp\/v2\/users\/2"}],"replies":[{"embeddable":true,"href":"https:\/\/rudolf.net.pl\/kat\/index.php?rest_route=%2Fwp%2Fv2%2Fcomments&post=402"}],"version-history":[{"count":3,"href":"https:\/\/rudolf.net.pl\/kat\/index.php?rest_route=\/wp\/v2\/posts\/402\/revisions"}],"predecessor-version":[{"id":1234,"href":"https:\/\/rudolf.net.pl\/kat\/index.php?rest_route=\/wp\/v2\/posts\/402\/revisions\/1234"}],"wp:attachment":[{"href":"https:\/\/rudolf.net.pl\/kat\/index.php?rest_route=%2Fwp%2Fv2%2Fmedia&parent=402"}],"wp:term":[{"taxonomy":"category","embeddable":true,"href":"https:\/\/rudolf.net.pl\/kat\/index.php?rest_route=%2Fwp%2Fv2%2Fcategories&post=402"},{"taxonomy":"post_tag","embeddable":true,"href":"https:\/\/rudolf.net.pl\/kat\/index.php?rest_route=%2Fwp%2Fv2%2Ftags&post=402"}],"curies":[{"name":"wp","href":"https:\/\/api.w.org\/{rel}","templated":true}]}}