{"id":398,"date":"2012-09-14T19:19:11","date_gmt":"2012-09-14T17:19:11","guid":{"rendered":"http:\/\/rudolf.net.pl\/kat\/?p=398"},"modified":"2015-02-28T19:20:32","modified_gmt":"2015-02-28T18:20:32","slug":"spotkanie-plenerowe-wisla-kamienny","status":"publish","type":"post","link":"https:\/\/rudolf.net.pl\/kat\/?p=398","title":{"rendered":"Spotkanie plenerowe Wis\u0142a-Kamienny"},"content":{"rendered":"<div id=\"gallery-1\" class=\"gallery galleryid-471 gallery-columns-2 gallery-size-thumbnail\">\n<dl class=\"gallery-item\">\n<dt class=\"gallery-icon portrait\"><a href=\"http:\/\/www.rudolf.net.pl\/sp9kat\/wp-content\/uploads\/2012\/09\/Schron-na-Kamiennym.jpg\"><img loading=\"lazy\" decoding=\"async\" class=\"attachment-thumbnail\" src=\"http:\/\/www.rudolf.net.pl\/sp9kat\/wp-content\/uploads\/2012\/09\/Schron-na-Kamiennym-150x150.jpg\" alt=\"Schron na Kamiennym\" width=\"150\" height=\"150\" \/><\/a><\/dt>\n<\/dl>\n<dl class=\"gallery-item\">\n<dt class=\"gallery-icon landscape\"><a href=\"http:\/\/www.rudolf.net.pl\/sp9kat\/wp-content\/uploads\/2012\/09\/Mapka-dojazdu2.jpg\"><img loading=\"lazy\" decoding=\"async\" class=\"attachment-thumbnail\" src=\"http:\/\/www.rudolf.net.pl\/sp9kat\/wp-content\/uploads\/2012\/09\/Mapka-dojazdu2-150x150.jpg\" alt=\"Mapka dojazdu2\" width=\"150\" height=\"150\" \/><\/a><\/dt>\n<\/dl>\n<\/div>\n<p>W ramach obchod\u00f3w 60-tej rocznicy powstania Radioklubu Beskidzkiego SP9KAT,\u00a0zapraszamy wszystkich cz\u0142onk\u00f3w i sympatyk\u00f3w do uczestnictwa w spotkaniu plenerowym, kt\u00f3re odb\u0119dzie si\u0119 <strong>27.10.2012 (sobota)<\/strong> w Wi\u015ble-Kamiennym.<\/p>\n<p>W czasie spotkania pracowa\u0142a b\u0119dzie stacja klubowa ze znakiem okoliczno\u015bciowym.<\/p>\n<p>W programie znajduje si\u0119 r\u00f3wnie\u017c catering,oprawa muzyczna oraz wyj\u0105tkowa atmosfera w doborowym towarzystwie.\u00a0\u00a0 <strong>\u00a0<\/strong><\/p>\n<p><strong>Bardzo prosimy o potwierdzenie uczestnictwa u kolegi Mirka SP9ONC do<\/strong><strong>\u00a027 wrze\u015bnia ( czwarty czwartek m-ca).<\/strong><\/p>\n<p>Istnieje r\u00f3wnie\u017c \u00a0mo\u017cliwo\u015bci wynaj\u0119cia pokoj\u00f3w w pobliskim gospodarstwie agroturystycznym oddalonym o oko\u0142o 5 min samochodem lub 30 minut pieszo, cena za nocleg to 50,00\u00a0 info : 691 666 806, (033) 855 32 69, <a href=\"http:\/\/www.podpiramida.wisla.pl\">www.podpiramida.wisla.pl<\/a><\/p>\n<p>Do zobaczenia Vy 73.<\/p>\n","protected":false},"excerpt":{"rendered":"<p>W ramach obchod\u00f3w 60-tej rocznicy powstania Radioklubu Beskidzkiego SP9KAT,\u00a0zapraszamy wszystkich cz\u0142onk\u00f3w i sympatyk\u00f3w do uczestnictwa w spotkaniu plenerowym, kt\u00f3re odb\u0119dzie si\u0119 27.10.2012 (sobota) w Wi\u015ble-Kamiennym. W czasie spotkania pracowa\u0142a b\u0119dzie stacja klubowa ze znakiem okoliczno\u015bciowym. W programie znajduje si\u0119 r\u00f3wnie\u017c &hellip; <a href=\"https:\/\/rudolf.net.pl\/kat\/?p=398\">Czytaj dalej <span class=\"meta-nav\">&rarr;<\/span><\/a><\/p>\n","protected":false},"author":2,"featured_media":0,"comment_status":"open","ping_status":"open","sticky":false,"template":"","format":"standard","meta":{"ngg_post_thumbnail":0,"footnotes":""},"categories":[1],"tags":[],"class_list":["post-398","post","type-post","status-publish","format-standard","hentry","category-bez-kategorii"],"_links":{"self":[{"href":"https:\/\/rudolf.net.pl\/kat\/index.php?rest_route=\/wp\/v2\/posts\/398","targetHints":{"allow":["GET"]}}],"collection":[{"href":"https:\/\/rudolf.net.pl\/kat\/index.php?rest_route=\/wp\/v2\/posts"}],"about":[{"href":"https:\/\/rudolf.net.pl\/kat\/index.php?rest_route=\/wp\/v2\/types\/post"}],"author":[{"embeddable":true,"href":"https:\/\/rudolf.net.pl\/kat\/index.php?rest_route=\/wp\/v2\/users\/2"}],"replies":[{"embeddable":true,"href":"https:\/\/rudolf.net.pl\/kat\/index.php?rest_route=%2Fwp%2Fv2%2Fcomments&post=398"}],"version-history":[{"count":1,"href":"https:\/\/rudolf.net.pl\/kat\/index.php?rest_route=\/wp\/v2\/posts\/398\/revisions"}],"predecessor-version":[{"id":399,"href":"https:\/\/rudolf.net.pl\/kat\/index.php?rest_route=\/wp\/v2\/posts\/398\/revisions\/399"}],"wp:attachment":[{"href":"https:\/\/rudolf.net.pl\/kat\/index.php?rest_route=%2Fwp%2Fv2%2Fmedia&parent=398"}],"wp:term":[{"taxonomy":"category","embeddable":true,"href":"https:\/\/rudolf.net.pl\/kat\/index.php?rest_route=%2Fwp%2Fv2%2Fcategories&post=398"},{"taxonomy":"post_tag","embeddable":true,"href":"https:\/\/rudolf.net.pl\/kat\/index.php?rest_route=%2Fwp%2Fv2%2Ftags&post=398"}],"curies":[{"name":"wp","href":"https:\/\/api.w.org\/{rel}","templated":true}]}}