{"id":389,"date":"2012-08-08T19:12:35","date_gmt":"2012-08-08T17:12:35","guid":{"rendered":"http:\/\/rudolf.net.pl\/kat\/?p=389"},"modified":"2015-02-28T19:13:28","modified_gmt":"2015-02-28T18:13:28","slug":"60-lat-sp9kat","status":"publish","type":"post","link":"https:\/\/rudolf.net.pl\/kat\/?p=389","title":{"rendered":"60-lat SP9KAT"},"content":{"rendered":"<p align=\"center\">W ramach obchod\u00f3w 60-tej rocznicy powstania<\/p>\n<p align=\"center\">Radioklubu Beskidzkiego SP9KAT ,<\/p>\n<p align=\"center\">zapraszamy wszystkich cz\u0142onk\u00f3w i sympatyk\u00f3w<\/p>\n<p align=\"center\">do uczestnictwa w spotkaniu plenerowym,<!--more--><\/p>\n<p align=\"center\">\u00a0kt\u00f3re odb\u0119dzie si\u0119 27.10.2012<\/p>\n<p align=\"center\">w Wi\u015ble-Kamiennym.<\/p>\n<table border=\"0\">\n<tbody>\n<tr>\n<td><img loading=\"lazy\" decoding=\"async\" class=\"size-full wp-image-385\" title=\"tower\" src=\"http:\/\/www.rudolf.net.pl\/sp9kat\/wp-content\/uploads\/2012\/08\/tower.gif\" alt=\"\" width=\"120\" height=\"126\" \/><\/td>\n<td>\n<p align=\"center\">W czasie spotkania pracowa\u0142a b\u0119dzie stacja<\/p>\n<p align=\"center\">klubowa ze znakiem okoliczno\u015bciowym.<\/p>\n<\/td>\n<\/tr>\n<\/tbody>\n<\/table>\n<p align=\"center\">\n<p align=\"center\">W programie znajduje si\u0119 r\u00f3wnie\u017c catering,<\/p>\n<p align=\"center\">oprawa muzyczna,<\/p>\n<p align=\"center\">oraz wyj\u0105tkowa atmosfera w doborowym towarzystwie.<\/p>\n<p align=\"center\">Do zobaczenia Vy 73.<\/p>\n","protected":false},"excerpt":{"rendered":"<p>W ramach obchod\u00f3w 60-tej rocznicy powstania Radioklubu Beskidzkiego SP9KAT , zapraszamy wszystkich cz\u0142onk\u00f3w i sympatyk\u00f3w do uczestnictwa w spotkaniu plenerowym,<\/p>\n","protected":false},"author":2,"featured_media":0,"comment_status":"open","ping_status":"open","sticky":false,"template":"","format":"standard","meta":{"ngg_post_thumbnail":0,"footnotes":""},"categories":[1],"tags":[],"class_list":["post-389","post","type-post","status-publish","format-standard","hentry","category-bez-kategorii"],"_links":{"self":[{"href":"https:\/\/rudolf.net.pl\/kat\/index.php?rest_route=\/wp\/v2\/posts\/389","targetHints":{"allow":["GET"]}}],"collection":[{"href":"https:\/\/rudolf.net.pl\/kat\/index.php?rest_route=\/wp\/v2\/posts"}],"about":[{"href":"https:\/\/rudolf.net.pl\/kat\/index.php?rest_route=\/wp\/v2\/types\/post"}],"author":[{"embeddable":true,"href":"https:\/\/rudolf.net.pl\/kat\/index.php?rest_route=\/wp\/v2\/users\/2"}],"replies":[{"embeddable":true,"href":"https:\/\/rudolf.net.pl\/kat\/index.php?rest_route=%2Fwp%2Fv2%2Fcomments&post=389"}],"version-history":[{"count":1,"href":"https:\/\/rudolf.net.pl\/kat\/index.php?rest_route=\/wp\/v2\/posts\/389\/revisions"}],"predecessor-version":[{"id":390,"href":"https:\/\/rudolf.net.pl\/kat\/index.php?rest_route=\/wp\/v2\/posts\/389\/revisions\/390"}],"wp:attachment":[{"href":"https:\/\/rudolf.net.pl\/kat\/index.php?rest_route=%2Fwp%2Fv2%2Fmedia&parent=389"}],"wp:term":[{"taxonomy":"category","embeddable":true,"href":"https:\/\/rudolf.net.pl\/kat\/index.php?rest_route=%2Fwp%2Fv2%2Fcategories&post=389"},{"taxonomy":"post_tag","embeddable":true,"href":"https:\/\/rudolf.net.pl\/kat\/index.php?rest_route=%2Fwp%2Fv2%2Ftags&post=389"}],"curies":[{"name":"wp","href":"https:\/\/api.w.org\/{rel}","templated":true}]}}