{"id":25723,"date":"2015-07-15T18:50:10","date_gmt":"2015-07-15T16:50:10","guid":{"rendered":"http:\/\/rudolf.net.pl\/kat\/?p=25723"},"modified":"2015-07-15T18:50:10","modified_gmt":"2015-07-15T16:50:10","slug":"sp9kat-na-antenie-radia-bielsko","status":"publish","type":"post","link":"https:\/\/rudolf.net.pl\/kat\/?p=25723","title":{"rendered":"SP9KAT na antenie Radia Bielsko"},"content":{"rendered":"<p><a href=\"https:\/\/rudolf.net.pl\/kat\/wp-content\/uploads\/2015\/07\/RadioBielsko.jpg\"><img loading=\"lazy\" decoding=\"async\" class=\"  wp-image-25724 alignleft\" src=\"https:\/\/rudolf.net.pl\/kat\/wp-content\/uploads\/2015\/07\/RadioBielsko.jpg\" alt=\"RadioBielsko\" width=\"100\" height=\"119\" srcset=\"https:\/\/rudolf.net.pl\/kat\/wp-content\/uploads\/2015\/07\/RadioBielsko.jpg 400w, https:\/\/rudolf.net.pl\/kat\/wp-content\/uploads\/2015\/07\/RadioBielsko-252x300.jpg 252w\" sizes=\"auto, (max-width: 100px) 100vw, 100px\" \/><\/a>W dniu 14 lipca koledzy Darek SP9ETE oraz Mirek SP9ONC go\u015bcili na antenie Radia Bielsko.<!--more-->Podobnie jak w przypadku wizyty w Telewizji Katowice Mirek opowiada\u0142 o klubie i naszym hobby a Darek konsekwentnie opowiada\u0142 o planowanej wyprawie na Fuji i nawo\u0142ywa\u0142 do poparcia naszej akcji i pomocy czteroletniej Oliwii Ku\u015bmierskiej.<\/p>\n<p>Zapis programu jest dost\u0119pny w <a href=\"http:\/\/www.radiobielsko.pl\/audio\/2015-07-15-203182115.mp3\">archiwum Radia Bielsko<\/a> &#8211; zapraszamy do wys\u0142uchania.<\/p>\n","protected":false},"excerpt":{"rendered":"<p>W dniu 14 lipca koledzy Darek SP9ETE oraz Mirek SP9ONC go\u015bcili na antenie Radia Bielsko.<\/p>\n","protected":false},"author":2,"featured_media":0,"comment_status":"open","ping_status":"open","sticky":false,"template":"","format":"standard","meta":{"ngg_post_thumbnail":0,"footnotes":""},"categories":[1],"tags":[],"class_list":["post-25723","post","type-post","status-publish","format-standard","hentry","category-bez-kategorii"],"_links":{"self":[{"href":"https:\/\/rudolf.net.pl\/kat\/index.php?rest_route=\/wp\/v2\/posts\/25723","targetHints":{"allow":["GET"]}}],"collection":[{"href":"https:\/\/rudolf.net.pl\/kat\/index.php?rest_route=\/wp\/v2\/posts"}],"about":[{"href":"https:\/\/rudolf.net.pl\/kat\/index.php?rest_route=\/wp\/v2\/types\/post"}],"author":[{"embeddable":true,"href":"https:\/\/rudolf.net.pl\/kat\/index.php?rest_route=\/wp\/v2\/users\/2"}],"replies":[{"embeddable":true,"href":"https:\/\/rudolf.net.pl\/kat\/index.php?rest_route=%2Fwp%2Fv2%2Fcomments&post=25723"}],"version-history":[{"count":1,"href":"https:\/\/rudolf.net.pl\/kat\/index.php?rest_route=\/wp\/v2\/posts\/25723\/revisions"}],"predecessor-version":[{"id":25725,"href":"https:\/\/rudolf.net.pl\/kat\/index.php?rest_route=\/wp\/v2\/posts\/25723\/revisions\/25725"}],"wp:attachment":[{"href":"https:\/\/rudolf.net.pl\/kat\/index.php?rest_route=%2Fwp%2Fv2%2Fmedia&parent=25723"}],"wp:term":[{"taxonomy":"category","embeddable":true,"href":"https:\/\/rudolf.net.pl\/kat\/index.php?rest_route=%2Fwp%2Fv2%2Fcategories&post=25723"},{"taxonomy":"post_tag","embeddable":true,"href":"https:\/\/rudolf.net.pl\/kat\/index.php?rest_route=%2Fwp%2Fv2%2Ftags&post=25723"}],"curies":[{"name":"wp","href":"https:\/\/api.w.org\/{rel}","templated":true}]}}