{"id":24243,"date":"2015-07-07T11:49:14","date_gmt":"2015-07-07T09:49:14","guid":{"rendered":"http:\/\/rudolf.net.pl\/kat\/?p=24243"},"modified":"2015-09-20T12:33:19","modified_gmt":"2015-09-20T10:33:19","slug":"sp9ete-w-telewizji-katowice","status":"publish","type":"post","link":"https:\/\/rudolf.net.pl\/kat\/?p=24243","title":{"rendered":"SP9KAT w Telewizji Katowice"},"content":{"rendered":"<p><a href=\"https:\/\/rudolf.net.pl\/kat\/wp-content\/uploads\/2015\/07\/katowice.png\"><img loading=\"lazy\" decoding=\"async\" class=\" wp-image-24244 alignleft\" src=\"https:\/\/rudolf.net.pl\/kat\/wp-content\/uploads\/2015\/07\/katowice.png\" alt=\"katowice\" width=\"100\" height=\"62\" \/><\/a>8 lipca w godzinach popo\u0142udniowych koledzy Darek SP9ETE, Mirek SP9ONC oraz Tomek\u00a0SP9NLT byli go\u015b\u0107mi programu &#8222;<a href=\"http:\/\/katowice.tvp.pl\/17670549\/telewizyjna-1\">Studio Telewizyjna 1<\/a>&#8221; emitowanego na antenie Regionalnej Telewizji Katowice.\u00a0Zapis ca\u0142ego programu znajduje si\u0119 w <a href=\"http:\/\/katowice.tvp.pl\/20770029\/8072015\">archiwum TVP Regionalna<\/a> (od 23 minuty programu). Zapraszamy do ogl\u0105dania.<!--more-->Kolega Mirek opowiedzia\u0142 conieco o naszym klubie, Tomek zaj\u0105\u0142 si\u0119 sam\u0105 ide\u0105 kr\u00f3tkofalarstwa oraz aspektami technicznymi, jednak najwa\u017cniejsz\u0105 informacj\u0119 przekaza\u0142 Darek, kt\u00f3ry opowiada\u0142 o planowanej wyprawie na g\u00f3r\u0119 Fuji oraz o idei pomocy chorej dziewczynce, kt\u00f3ra przy\u015bwieca tej akcji.<\/p>\n<p>Zapis ca\u0142ego programu znajduje si\u0119 w <a href=\"http:\/\/katowice.tvp.pl\/20770029\/8072015\">archiwum TVP Regionalna<\/a> (od 23 minuty programu). Zapraszamy do ogl\u0105dania.<\/p>\n<p><a href=\"https:\/\/rudolf.net.pl\/kat\/wp-content\/uploads\/2015\/07\/20150708_181541.jpg\"><img loading=\"lazy\" decoding=\"async\" class=\"alignnone size-full wp-image-35812\" src=\"https:\/\/rudolf.net.pl\/kat\/wp-content\/uploads\/2015\/07\/20150708_181541.jpg\" alt=\"20150708_181541\" width=\"2000\" height=\"1500\" srcset=\"https:\/\/rudolf.net.pl\/kat\/wp-content\/uploads\/2015\/07\/20150708_181541.jpg 2000w, https:\/\/rudolf.net.pl\/kat\/wp-content\/uploads\/2015\/07\/20150708_181541-300x225.jpg 300w, https:\/\/rudolf.net.pl\/kat\/wp-content\/uploads\/2015\/07\/20150708_181541-1024x768.jpg 1024w, https:\/\/rudolf.net.pl\/kat\/wp-content\/uploads\/2015\/07\/20150708_181541-400x300.jpg 400w\" sizes=\"auto, (max-width: 2000px) 100vw, 2000px\" \/><\/a><\/p>\n","protected":false},"excerpt":{"rendered":"<p>8 lipca w godzinach popo\u0142udniowych koledzy Darek SP9ETE, Mirek SP9ONC oraz Tomek\u00a0SP9NLT byli go\u015b\u0107mi programu &#8222;Studio Telewizyjna 1&#8221; emitowanego na antenie Regionalnej Telewizji Katowice.\u00a0Zapis ca\u0142ego programu znajduje si\u0119 w archiwum TVP Regionalna (od 23 minuty programu). Zapraszamy do ogl\u0105dania.<\/p>\n","protected":false},"author":2,"featured_media":0,"comment_status":"open","ping_status":"open","sticky":false,"template":"","format":"standard","meta":{"ngg_post_thumbnail":0,"footnotes":""},"categories":[1],"tags":[],"class_list":["post-24243","post","type-post","status-publish","format-standard","hentry","category-bez-kategorii"],"_links":{"self":[{"href":"https:\/\/rudolf.net.pl\/kat\/index.php?rest_route=\/wp\/v2\/posts\/24243","targetHints":{"allow":["GET"]}}],"collection":[{"href":"https:\/\/rudolf.net.pl\/kat\/index.php?rest_route=\/wp\/v2\/posts"}],"about":[{"href":"https:\/\/rudolf.net.pl\/kat\/index.php?rest_route=\/wp\/v2\/types\/post"}],"author":[{"embeddable":true,"href":"https:\/\/rudolf.net.pl\/kat\/index.php?rest_route=\/wp\/v2\/users\/2"}],"replies":[{"embeddable":true,"href":"https:\/\/rudolf.net.pl\/kat\/index.php?rest_route=%2Fwp%2Fv2%2Fcomments&post=24243"}],"version-history":[{"count":7,"href":"https:\/\/rudolf.net.pl\/kat\/index.php?rest_route=\/wp\/v2\/posts\/24243\/revisions"}],"predecessor-version":[{"id":35813,"href":"https:\/\/rudolf.net.pl\/kat\/index.php?rest_route=\/wp\/v2\/posts\/24243\/revisions\/35813"}],"wp:attachment":[{"href":"https:\/\/rudolf.net.pl\/kat\/index.php?rest_route=%2Fwp%2Fv2%2Fmedia&parent=24243"}],"wp:term":[{"taxonomy":"category","embeddable":true,"href":"https:\/\/rudolf.net.pl\/kat\/index.php?rest_route=%2Fwp%2Fv2%2Fcategories&post=24243"},{"taxonomy":"post_tag","embeddable":true,"href":"https:\/\/rudolf.net.pl\/kat\/index.php?rest_route=%2Fwp%2Fv2%2Ftags&post=24243"}],"curies":[{"name":"wp","href":"https:\/\/api.w.org\/{rel}","templated":true}]}}