{"id":238809,"date":"2021-10-08T20:48:09","date_gmt":"2021-10-08T18:48:09","guid":{"rendered":"http:\/\/rudolf.net.pl\/kat\/?p=238809"},"modified":"2021-10-12T19:54:40","modified_gmt":"2021-10-12T17:54:40","slug":"sp9ete-silent-key","status":"publish","type":"post","link":"https:\/\/rudolf.net.pl\/kat\/?p=238809","title":{"rendered":"SP9ETE Silent Key"},"content":{"rendered":"\n<figure class=\"wp-block-image\"><img loading=\"lazy\" decoding=\"async\" width=\"704\" height=\"528\" src=\"https:\/\/rudolf.net.pl\/kat\/wp-content\/uploads\/2021\/10\/darek.jpg\" alt=\"\" class=\"wp-image-238810\" srcset=\"https:\/\/rudolf.net.pl\/kat\/wp-content\/uploads\/2021\/10\/darek.jpg 704w, https:\/\/rudolf.net.pl\/kat\/wp-content\/uploads\/2021\/10\/darek-300x225.jpg 300w, https:\/\/rudolf.net.pl\/kat\/wp-content\/uploads\/2021\/10\/darek-400x300.jpg 400w\" sizes=\"auto, (max-width: 704px) 100vw, 704px\" \/><figcaption>SP9ETE Darek<\/figcaption><\/figure>\n\n\n\n<p style=\"text-align:center\">Dzisiaj otrzymali\u015bmy pe\u0142n\u0105 b\u00f3lu i smutku wiadomo\u015b\u0107, \u017ce przedwcze\u015bnie <br>i niespodziewanie odszed\u0142 od nas Darek SP9ETE. Cz\u0142owiek pe\u0142en pasji, podr\u00f3\u017cnik, kr\u00f3tkofalowiec, spo\u0142ecznik, potrafi\u0105cy zara\u017ca\u0107 swoim entuzjazmem ca\u0142e otoczenie. Darek zawsze z pe\u0142nym zaanga\u017cowaniem podejmowa\u0142 nowe wyzwania i z ca\u0142ym wysi\u0142kiem pomimo przeszk\u00f3d i trudno\u015bci stara\u0142 si\u0119 doprowadzi\u0107 je do zaplanowanego zako\u0144czenia.<\/p>\n\n\n\n<p>Darku zostawiasz po sobie puste miejsce. <\/p>\n\n\n\n<p style=\"font-size:18px;text-align:center\"><strong>Pogrzeb odb\u0119dzie si\u0119 16.10. (Sobota)  o godz. 11.00 w kaplicy cmentarnej,  D\u0105browa G\u00f3rnicza  ul. 11-go listopada.<\/strong><br><em>(W pobli\u017cu jest du\u017cy parking nieczynnego marketu <\/em><br><em>przy ul. Katowickiej 1)<\/em><\/p>\n\n\n\n<p><\/p>\n\n\n\n<p><\/p>\n\n\n\n<p><\/p>\n\n\n\n<p style=\"text-align:center\" class=\"has-medium-font-size\"><strong>Rodzinie oraz Bliskim pragniemy przekaza\u0107 wyrazy szczerego \u017calu i wsp\u00f3\u0142czucia.<\/strong><\/p>\n","protected":false},"excerpt":{"rendered":"<p>Dzisiaj otrzymali\u015bmy pe\u0142n\u0105 b\u00f3lu i smutku wiadomo\u015b\u0107, \u017ce przedwcze\u015bnie i niespodziewanie odszed\u0142 od nas Darek SP9ETE. Cz\u0142owiek pe\u0142en pasji, podr\u00f3\u017cnik, kr\u00f3tkofalowiec, spo\u0142ecznik, potrafi\u0105cy zara\u017ca\u0107 swoim entuzjazmem ca\u0142e otoczenie. Darek zawsze z pe\u0142nym zaanga\u017cowaniem podejmowa\u0142 nowe wyzwania i z ca\u0142ym wysi\u0142kiem &hellip; <a href=\"https:\/\/rudolf.net.pl\/kat\/?p=238809\">Czytaj dalej <span class=\"meta-nav\">&rarr;<\/span><\/a><\/p>\n","protected":false},"author":5,"featured_media":0,"comment_status":"open","ping_status":"open","sticky":false,"template":"","format":"standard","meta":{"ngg_post_thumbnail":0,"footnotes":""},"categories":[1],"tags":[],"class_list":["post-238809","post","type-post","status-publish","format-standard","hentry","category-bez-kategorii"],"_links":{"self":[{"href":"https:\/\/rudolf.net.pl\/kat\/index.php?rest_route=\/wp\/v2\/posts\/238809","targetHints":{"allow":["GET"]}}],"collection":[{"href":"https:\/\/rudolf.net.pl\/kat\/index.php?rest_route=\/wp\/v2\/posts"}],"about":[{"href":"https:\/\/rudolf.net.pl\/kat\/index.php?rest_route=\/wp\/v2\/types\/post"}],"author":[{"embeddable":true,"href":"https:\/\/rudolf.net.pl\/kat\/index.php?rest_route=\/wp\/v2\/users\/5"}],"replies":[{"embeddable":true,"href":"https:\/\/rudolf.net.pl\/kat\/index.php?rest_route=%2Fwp%2Fv2%2Fcomments&post=238809"}],"version-history":[{"count":7,"href":"https:\/\/rudolf.net.pl\/kat\/index.php?rest_route=\/wp\/v2\/posts\/238809\/revisions"}],"predecessor-version":[{"id":238819,"href":"https:\/\/rudolf.net.pl\/kat\/index.php?rest_route=\/wp\/v2\/posts\/238809\/revisions\/238819"}],"wp:attachment":[{"href":"https:\/\/rudolf.net.pl\/kat\/index.php?rest_route=%2Fwp%2Fv2%2Fmedia&parent=238809"}],"wp:term":[{"taxonomy":"category","embeddable":true,"href":"https:\/\/rudolf.net.pl\/kat\/index.php?rest_route=%2Fwp%2Fv2%2Fcategories&post=238809"},{"taxonomy":"post_tag","embeddable":true,"href":"https:\/\/rudolf.net.pl\/kat\/index.php?rest_route=%2Fwp%2Fv2%2Ftags&post=238809"}],"curies":[{"name":"wp","href":"https:\/\/api.w.org\/{rel}","templated":true}]}}