{"id":13825,"date":"2015-05-08T09:16:58","date_gmt":"2015-05-08T07:16:58","guid":{"rendered":"http:\/\/rudolf.net.pl\/kat\/?p=13825"},"modified":"2015-05-08T09:16:58","modified_gmt":"2015-05-08T07:16:58","slug":"podsumowanie-ekspedycji-sx9pl","status":"publish","type":"post","link":"https:\/\/rudolf.net.pl\/kat\/?p=13825","title":{"rendered":"Podsumowanie Ekspedycji SX9PL"},"content":{"rendered":"<p><a href=\"https:\/\/rudolf.net.pl\/kat\/wp-content\/uploads\/2015\/04\/logo3.jpg\"><img loading=\"lazy\" decoding=\"async\" class=\"  wp-image-10763 alignleft\" src=\"https:\/\/rudolf.net.pl\/kat\/wp-content\/uploads\/2015\/04\/logo3.jpg\" alt=\"logo3\" width=\"100\" height=\"57\" srcset=\"https:\/\/rudolf.net.pl\/kat\/wp-content\/uploads\/2015\/04\/logo3.jpg 800w, https:\/\/rudolf.net.pl\/kat\/wp-content\/uploads\/2015\/04\/logo3-300x169.jpg 300w, https:\/\/rudolf.net.pl\/kat\/wp-content\/uploads\/2015\/04\/logo3-500x281.jpg 500w\" sizes=\"auto, (max-width: 100px) 100vw, 100px\" \/><\/a>Zapraszamy mi\u0142o\u015bnikow podr\u00f3\u017cy i kr\u00f3tkofalarstwa na spotkanie podsumowyj\u0105ce wypraw\u0119 SX9PL na Kret\u0119, kt\u00f3re odb\u0119dzie si\u0119 14 maja 2015 o godzinie 18.00 w Pa\u0142acu Czecz\u00f3w w Kozach. Zach\u0119camy r\u00f3wnie\u017c do zabrania ze sob\u0105 swoich 'lepszych po\u0142\u00f3wek&#8217; &#8211; ciekawe spotkanie w mi\u0142ej atmosferze na pewno przybli\u017cy im uroki naszego hobby.\u00a0 <!--more--><\/p>\n<p>W ramach przypomnienia: w dniach 18-24 kwietnia 2015r. kr\u00f3tkofalowcy z powiatu bielskiego, reprezentanci klub\u00f3w: kozia\u0144skiego &#8211; SP9KOZ i Bielskiego &#8211; SP9KAT odbyli wypraw\u0119 na greck\u0105 wysp\u0119 Kreta.<br \/>\nWyprawa by\u0142a pierwsz\u0105 tego typu inicjatyw\u0105 tutejszych kr\u00f3tkofalowc\u00f3w, a zdobyte do\u015bwiadczenia i kontakty pozwalaj\u0105 snu\u0107 plany na kolejne eskapady z radiem.<br \/>\nStrona internetowa wyprawy &#8211; http:\/\/www.qrz.com\/db\/sx9pl.<\/p>\n","protected":false},"excerpt":{"rendered":"<p>Zapraszamy mi\u0142o\u015bnikow podr\u00f3\u017cy i kr\u00f3tkofalarstwa na spotkanie podsumowyj\u0105ce wypraw\u0119 SX9PL na Kret\u0119, kt\u00f3re odb\u0119dzie si\u0119 14 maja 2015 o godzinie 18.00 w Pa\u0142acu Czecz\u00f3w w Kozach. Zach\u0119camy r\u00f3wnie\u017c do zabrania ze sob\u0105 swoich 'lepszych po\u0142\u00f3wek&#8217; &#8211; ciekawe spotkanie w mi\u0142ej &hellip; <a href=\"https:\/\/rudolf.net.pl\/kat\/?p=13825\">Czytaj dalej <span class=\"meta-nav\">&rarr;<\/span><\/a><\/p>\n","protected":false},"author":2,"featured_media":0,"comment_status":"open","ping_status":"open","sticky":false,"template":"","format":"standard","meta":{"ngg_post_thumbnail":0,"footnotes":""},"categories":[1],"tags":[],"class_list":["post-13825","post","type-post","status-publish","format-standard","hentry","category-bez-kategorii"],"_links":{"self":[{"href":"https:\/\/rudolf.net.pl\/kat\/index.php?rest_route=\/wp\/v2\/posts\/13825","targetHints":{"allow":["GET"]}}],"collection":[{"href":"https:\/\/rudolf.net.pl\/kat\/index.php?rest_route=\/wp\/v2\/posts"}],"about":[{"href":"https:\/\/rudolf.net.pl\/kat\/index.php?rest_route=\/wp\/v2\/types\/post"}],"author":[{"embeddable":true,"href":"https:\/\/rudolf.net.pl\/kat\/index.php?rest_route=\/wp\/v2\/users\/2"}],"replies":[{"embeddable":true,"href":"https:\/\/rudolf.net.pl\/kat\/index.php?rest_route=%2Fwp%2Fv2%2Fcomments&post=13825"}],"version-history":[{"count":1,"href":"https:\/\/rudolf.net.pl\/kat\/index.php?rest_route=\/wp\/v2\/posts\/13825\/revisions"}],"predecessor-version":[{"id":13827,"href":"https:\/\/rudolf.net.pl\/kat\/index.php?rest_route=\/wp\/v2\/posts\/13825\/revisions\/13827"}],"wp:attachment":[{"href":"https:\/\/rudolf.net.pl\/kat\/index.php?rest_route=%2Fwp%2Fv2%2Fmedia&parent=13825"}],"wp:term":[{"taxonomy":"category","embeddable":true,"href":"https:\/\/rudolf.net.pl\/kat\/index.php?rest_route=%2Fwp%2Fv2%2Fcategories&post=13825"},{"taxonomy":"post_tag","embeddable":true,"href":"https:\/\/rudolf.net.pl\/kat\/index.php?rest_route=%2Fwp%2Fv2%2Ftags&post=13825"}],"curies":[{"name":"wp","href":"https:\/\/api.w.org\/{rel}","templated":true}]}}