{"id":109791,"date":"2016-11-19T19:37:43","date_gmt":"2016-11-19T18:37:43","guid":{"rendered":"http:\/\/rudolf.net.pl\/kat\/?p=109791"},"modified":"2016-11-19T19:56:05","modified_gmt":"2016-11-19T18:56:05","slug":"podsumowanie-projektu-basr","status":"publish","type":"post","link":"https:\/\/rudolf.net.pl\/kat\/?p=109791","title":{"rendered":"Podsumowanie projektu BASR"},"content":{"rendered":"<p><a href=\"http:\/\/basr.sp-radio.eu\/wp-content\/uploads\/2015\/05\/sme_02.jpg\"><img loading=\"lazy\" decoding=\"async\" class=\"wp-image-456 alignleft\" src=\"http:\/\/basr.sp-radio.eu\/wp-content\/uploads\/2015\/05\/sme_02-300x200.jpg\" sizes=\"auto, (max-width: 300px) 100vw, 300px\" srcset=\"http:\/\/basr.sp-radio.eu\/wp-content\/uploads\/2015\/05\/sme_02-300x200.jpg 300w, http:\/\/basr.sp-radio.eu\/wp-content\/uploads\/2015\/05\/sme_02-768x512.jpg 768w, http:\/\/basr.sp-radio.eu\/wp-content\/uploads\/2015\/05\/sme_02.jpg 900w\" alt=\"sme_02\" width=\"121\" height=\"84\" \/><\/a><\/p>\n<p><strong>Seminarium podsumowuj\u0105ce projekt.<\/strong><br \/>\nW dniu 17 listopada odby\u0142o si\u0119 najwa\u017cniejsze wydarzenie w projekcie \u2013\u00a0 Seminarium podsumowuj\u0105ce, a jednocze\u015bnie zawi\u0105zuj\u0105ce \u201eBeskidzk\u0105 Amatorsk\u0105 Sie\u0107 Ratunkow\u0105\u201d.<br \/>\n<!--more--><\/p>\n<p>W trakcie seminarium, kt\u00f3re odby\u0142o si\u0119 w salach Pa\u0142acu Czecz\u00f3w\u00a0 na terenie Gminy Kozy zosta\u0142y podpisane \u201ePorozumienia w sprawie wsp\u00f3\u0142pracy przy podejmowaniu dzia\u0142a\u0144 wspomagaj\u0105cych przekazywanie informacji w sytuacjach kl\u0119sk \u017cywio\u0142owych, sytuacjach kryzysowych i innych podobnych zdarzeniach zagra\u017caj\u0105cych bezpiecze\u0144stwu powszechnemu\u201d.<\/p>\n<p>Porozumienia zosta\u0142y zawarte pomi\u0119dzy 16 jednostkami samorz\u0105dowymi, a jednostkami reprezentuj\u0105cymi \u015brodowisko kr\u00f3tkofalowc\u00f3w.<br \/>\n<strong>Jednostki samorz\u0105dowe, kt\u00f3re podpisa\u0142y porozumienia:<\/strong><\/p>\n<p>Powiat Bielski<br \/>\nPowiat Cieszy\u0144ski<br \/>\nPowiat \u017bywiecki<br \/>\nPowiat Pszczy\u0144ski<br \/>\nGmina \u2013 Miasto Czechowice-Dziedzice<br \/>\nGmina \u2013 Miasto Pszczyna<br \/>\nGmina Kozy<br \/>\nGmina Por\u0105bka<br \/>\nGmina Chybie<br \/>\nGmina D\u0119bowiec<br \/>\nGmina Ha\u017clach<br \/>\nGmina Golesz\u00f3w<br \/>\nGmina Zebrzydowice<br \/>\nGmina Brenna<br \/>\nGmina Bestwina<br \/>\nGmina Mied\u017ana<\/p>\n<p><strong><a href=\"http:\/\/basr.sp-radio.eu\/wp-content\/uploads\/2015\/05\/se_4.jpg\"><img loading=\"lazy\" decoding=\"async\" class=\"size-medium wp-image-457 alignleft\" src=\"http:\/\/basr.sp-radio.eu\/wp-content\/uploads\/2015\/05\/se_4-300x199.jpg\" sizes=\"auto, (max-width: 300px) 100vw, 300px\" srcset=\"http:\/\/basr.sp-radio.eu\/wp-content\/uploads\/2015\/05\/se_4-300x199.jpg 300w, http:\/\/basr.sp-radio.eu\/wp-content\/uploads\/2015\/05\/se_4-768x510.jpg 768w, http:\/\/basr.sp-radio.eu\/wp-content\/uploads\/2015\/05\/se_4.jpg 900w\" alt=\"se_4\" width=\"300\" height=\"199\" \/><\/a>\u015arodowisko kr\u00f3tkofalowc\u00f3w reprezentowa\u0142y nast\u0119puj\u0105ce organizacje:<\/strong><br \/>\nCentrum Integracji i Rozwoju Regionalnego w Woli, Powiat Pszczy\u0144ski (Klub SP9KMQ\/SP0BASR),<br \/>\nGalicyjskie Stowarzyszenie Salutare z \u017bywca (Klub SP9PSB\/SP0ASRS), Ochotnicza Stra\u017c Po\u017carna w Kozach (Klub SP9KOZ), Beskidzki Klub Kr\u00f3tkofalowc\u00f3w przy PZK (Klub SP9KAT).<\/p>\n<p><a href=\"http:\/\/basr.sp-radio.eu\/wp-content\/uploads\/2015\/05\/se_3.jpg\"><img loading=\"lazy\" decoding=\"async\" class=\"size-medium wp-image-458 alignright\" src=\"http:\/\/basr.sp-radio.eu\/wp-content\/uploads\/2015\/05\/se_3-300x199.jpg\" sizes=\"auto, (max-width: 300px) 100vw, 300px\" srcset=\"http:\/\/basr.sp-radio.eu\/wp-content\/uploads\/2015\/05\/se_3-300x199.jpg 300w, http:\/\/basr.sp-radio.eu\/wp-content\/uploads\/2015\/05\/se_3-768x510.jpg 768w, http:\/\/basr.sp-radio.eu\/wp-content\/uploads\/2015\/05\/se_3.jpg 900w\" alt=\"se_3\" width=\"300\" height=\"199\" \/><\/a>Na Seminarium przybyli, zaszczycaj\u0105c swoj\u0105 obecno\u015bci\u0105 Wiceprezes Polskiego Zwi\u0105zku Kr\u00f3tkofalowc\u00f3w Tadeusz Pami\u0119ta SP9HQJ oraz Dyrektor Wydzia\u0142u Bezpiecze\u0144stwa i Zarz\u0105dzania Kryzysowego\u00a0 Urz\u0119du Wojew\u00f3dzkiego w Katowicach Andrzej Szczeponek.<\/p>\n<p>Go\u015bcie docenili pona p\u00f3\u0142tora roczne zaanga\u017cowanie \u015brodowiska kr\u00f3tkofalowc\u00f3w\u00a0 z po\u0142udniowej cz\u0119\u015bci Wojew\u00f3dztwa \u015al\u0105skiego w zakresie przygotowania do realizacji zada\u0144 w ramach zast\u0119pczej radiowej \u0142\u0105czno\u015bci <a href=\"http:\/\/basr.sp-radio.eu\/wp-content\/uploads\/2015\/05\/sme_05.jpg\"><img loading=\"lazy\" decoding=\"async\" class=\"size-medium wp-image-459 alignleft\" src=\"http:\/\/basr.sp-radio.eu\/wp-content\/uploads\/2015\/05\/sme_05-300x200.jpg\" sizes=\"auto, (max-width: 300px) 100vw, 300px\" srcset=\"http:\/\/basr.sp-radio.eu\/wp-content\/uploads\/2015\/05\/sme_05-300x200.jpg 300w, http:\/\/basr.sp-radio.eu\/wp-content\/uploads\/2015\/05\/sme_05-768x512.jpg 768w, http:\/\/basr.sp-radio.eu\/wp-content\/uploads\/2015\/05\/sme_05.jpg 900w\" alt=\"sme_05\" width=\"300\" height=\"200\" \/><\/a>kryzysowej na rzecz jednostek samorz\u0105dowych. Ze wzgl\u0119du na trudny teren do radiowej \u0142\u0105czno\u015bci w pasmach UHF kr\u00f3tkofalowcy, kt\u00f3rzy brali udzia\u0142 w projekcie skupili si\u0119 g\u0142\u00f3wnie na zabudowie nowych przemiennik\u00f3w w rejonie Beskid\u00f3w oraz \u0107wiczenie procedur wsp\u00f3\u0142pracy z jednostkami samorz\u0105dowymi w sytuacjach kryzysowych. Efektem jest sformalizowanie wsp\u00f3\u0142pracy \u2013 podpisanie Porozumie\u0144. Cz\u0142onkowie Sieci przedstawili bogaty program dzia\u0142ania na rok 2017 ju\u017c po zako\u0144czeniu projektu.<\/p>\n","protected":false},"excerpt":{"rendered":"<p>Seminarium podsumowuj\u0105ce projekt. W dniu 17 listopada odby\u0142o si\u0119 najwa\u017cniejsze wydarzenie w projekcie \u2013\u00a0 Seminarium podsumowuj\u0105ce, a jednocze\u015bnie zawi\u0105zuj\u0105ce \u201eBeskidzk\u0105 Amatorsk\u0105 Sie\u0107 Ratunkow\u0105\u201d.<\/p>\n","protected":false},"author":5,"featured_media":0,"comment_status":"open","ping_status":"open","sticky":false,"template":"","format":"standard","meta":{"ngg_post_thumbnail":0,"footnotes":""},"categories":[1],"tags":[],"class_list":["post-109791","post","type-post","status-publish","format-standard","hentry","category-bez-kategorii"],"_links":{"self":[{"href":"https:\/\/rudolf.net.pl\/kat\/index.php?rest_route=\/wp\/v2\/posts\/109791","targetHints":{"allow":["GET"]}}],"collection":[{"href":"https:\/\/rudolf.net.pl\/kat\/index.php?rest_route=\/wp\/v2\/posts"}],"about":[{"href":"https:\/\/rudolf.net.pl\/kat\/index.php?rest_route=\/wp\/v2\/types\/post"}],"author":[{"embeddable":true,"href":"https:\/\/rudolf.net.pl\/kat\/index.php?rest_route=\/wp\/v2\/users\/5"}],"replies":[{"embeddable":true,"href":"https:\/\/rudolf.net.pl\/kat\/index.php?rest_route=%2Fwp%2Fv2%2Fcomments&post=109791"}],"version-history":[{"count":6,"href":"https:\/\/rudolf.net.pl\/kat\/index.php?rest_route=\/wp\/v2\/posts\/109791\/revisions"}],"predecessor-version":[{"id":110400,"href":"https:\/\/rudolf.net.pl\/kat\/index.php?rest_route=\/wp\/v2\/posts\/109791\/revisions\/110400"}],"wp:attachment":[{"href":"https:\/\/rudolf.net.pl\/kat\/index.php?rest_route=%2Fwp%2Fv2%2Fmedia&parent=109791"}],"wp:term":[{"taxonomy":"category","embeddable":true,"href":"https:\/\/rudolf.net.pl\/kat\/index.php?rest_route=%2Fwp%2Fv2%2Fcategories&post=109791"},{"taxonomy":"post_tag","embeddable":true,"href":"https:\/\/rudolf.net.pl\/kat\/index.php?rest_route=%2Fwp%2Fv2%2Ftags&post=109791"}],"curies":[{"name":"wp","href":"https:\/\/api.w.org\/{rel}","templated":true}]}}